{"id":1,"date":"2020-08-12T00:42:52","date_gmt":"2020-08-12T03:42:52","guid":{"rendered":"http:\/\/mandragora.univasf.edu.br\/?p=1"},"modified":"2021-04-08T19:22:35","modified_gmt":"2021-04-08T22:22:35","slug":"ola-mundo","status":"publish","type":"post","link":"https:\/\/mandragora.univasf.edu.br\/index.php\/2020\/08\/12\/ola-mundo\/","title":{"rendered":"Liga Acad\u00eamica Mandr\u00e1gora ofertar\u00e1 uma Aula aberta sobre \u201cVentila\u00e7\u00e3o Mec\u00e2nica\u201d com Rodrigo Neca Ribeiro"},"content":{"rendered":"\n<p>Aula aberta sobre \u201cVentila\u00e7\u00e3o Mec\u00e2nica\u201d de Rodrigo Neca Ribeiro (@rodrigonecaribeiro; realizou est\u00e1gio no Centro de Conserva\u00e7\u00e3o e Reprodu\u00e7\u00e3o de animais selvagens no Instituto Smithsonian, Front Royal VA, EUA, ano de 2013. M\u00e9dico veterin\u00e1rio formado pela Pontificia Universidade Cat\u00f3lica do Paran\u00e1 (2013). P\u00f3s-graduado em cl\u00ednica m\u00e9dica e cir\u00fargica de pequenos animais pelo Instituto Qualittas, Mestre em produ\u00e7\u00e3o sustent\u00e1vel e sa\u00fade animal UEM com \u00eanfase em anestesiologia de fel\u00eddeos neotropicais. Atualmente \u00e9 gerente do setor de vida silvestre e bem estar animal do munic\u00edpio de Cascavel &#8211; Paran\u00e1, professor do curso de Medicina Veterin\u00e1ria na disciplina de Anestesiologia Veterin\u00e1ria no Centro Universit\u00e1rio FAG na cidade de Cascavel. S\u00f3cio propriet\u00e1rio do CAAV e VETCURSO).<\/p>\n","protected":false},"excerpt":{"rendered":"<p>Aula aberta sobre \u201cVentila\u00e7\u00e3o Mec\u00e2nica\u201d de Rodrigo Neca Ribeiro (@rodrigonecaribeiro; realizou est\u00e1gio no Centro de Conserva\u00e7\u00e3o e Reprodu\u00e7\u00e3o de animais selvagens no Instituto Smithsonian, Front Royal VA, EUA, ano de 2013. M\u00e9dico veterin\u00e1rio formado pela Pontificia Universidade Cat\u00f3lica do Paran\u00e1 (2013). P\u00f3s-graduado em cl\u00ednica m\u00e9dica e cir\u00fargica de pequenos animais pelo Instituto Qualittas, Mestre em&hellip; <a class=\"more-link\" href=\"https:\/\/mandragora.univasf.edu.br\/index.php\/2020\/08\/12\/ola-mundo\/\">Continuar lendo <span class=\"screen-reader-text\">Liga Acad\u00eamica Mandr\u00e1gora ofertar\u00e1 uma Aula aberta sobre \u201cVentila\u00e7\u00e3o Mec\u00e2nica\u201d com Rodrigo Neca Ribeiro<\/span><\/a><\/p>\n","protected":false},"author":1,"featured_media":4112,"comment_status":"open","ping_status":"open","sticky":false,"template":"","format":"standard","meta":{"footnotes":""},"categories":[46],"tags":[],"_links":{"self":[{"href":"https:\/\/mandragora.univasf.edu.br\/index.php\/wp-json\/wp\/v2\/posts\/1"}],"collection":[{"href":"https:\/\/mandragora.univasf.edu.br\/index.php\/wp-json\/wp\/v2\/posts"}],"about":[{"href":"https:\/\/mandragora.univasf.edu.br\/index.php\/wp-json\/wp\/v2\/types\/post"}],"author":[{"embeddable":true,"href":"https:\/\/mandragora.univasf.edu.br\/index.php\/wp-json\/wp\/v2\/users\/1"}],"replies":[{"embeddable":true,"href":"https:\/\/mandragora.univasf.edu.br\/index.php\/wp-json\/wp\/v2\/comments?post=1"}],"version-history":[{"count":5,"href":"https:\/\/mandragora.univasf.edu.br\/index.php\/wp-json\/wp\/v2\/posts\/1\/revisions"}],"predecessor-version":[{"id":4253,"href":"https:\/\/mandragora.univasf.edu.br\/index.php\/wp-json\/wp\/v2\/posts\/1\/revisions\/4253"}],"wp:featuredmedia":[{"embeddable":true,"href":"https:\/\/mandragora.univasf.edu.br\/index.php\/wp-json\/wp\/v2\/media\/4112"}],"wp:attachment":[{"href":"https:\/\/mandragora.univasf.edu.br\/index.php\/wp-json\/wp\/v2\/media?parent=1"}],"wp:term":[{"taxonomy":"category","embeddable":true,"href":"https:\/\/mandragora.univasf.edu.br\/index.php\/wp-json\/wp\/v2\/categories?post=1"},{"taxonomy":"post_tag","embeddable":true,"href":"https:\/\/mandragora.univasf.edu.br\/index.php\/wp-json\/wp\/v2\/tags?post=1"}],"curies":[{"name":"wp","href":"https:\/\/api.w.org\/{rel}","templated":true}]}}