{"id":4433,"date":"2020-08-31T17:14:21","date_gmt":"2020-08-31T20:14:21","guid":{"rendered":"http:\/\/mandragora.univasf.edu.br\/?p=4433"},"modified":"2020-10-28T13:30:19","modified_gmt":"2020-10-28T16:30:19","slug":"inscricoes-deferidas","status":"publish","type":"post","link":"https:\/\/mandragora.univasf.edu.br\/index.php\/2020\/08\/31\/inscricoes-deferidas\/","title":{"rendered":"INSCRI\u00c7\u00d5ES DEFERIDAS: PROCESSO SELETIVO PARA MEMBROS EFETIVOS E HONOR\u00c1RIOS"},"content":{"rendered":"\n<p>A Presid\u00eancia\nda Liga Acad\u00eamica em Anestesiologia Veterin\u00e1ria, Dor e Terapia Intensiva (MANDR\u00c1GORA) da\nUniversidade Federal do Vale do S\u00e3o Francisco &#8211; UNIVASF, em conformidade com\nseu Estatuto aprovado pela Pr\u00f3-Reitoria de Extens\u00e3o em 03 de abril de 2019, no\nuso das atribui\u00e7\u00f5es legais estabelecidas pelo Edital 01\/2020 resolve:<\/p>\n\n\n\n<p><\/p>\n\n\n\n<ol><li><strong>TORNA P\u00daBLICO<\/strong> o resultado dos pedidos de inscri\u00e7\u00e3o no Processo Seletivo de vagas para Membros Efetivos e Honor\u00e1rios na Mandr\u00e1gora para o ano de 2020, conforme nominata em anexo, parte integrante desta Portaria.<\/li><li><strong>INFORMAR <\/strong>que o tema central da Live foi mudado para Manejo e Conten\u00e7\u00e3o de Animais Silvestres; e ser\u00e1 realizada pelo link <a href=\"https:\/\/www.youtube.com\/watch?v=aRyyXJIvcxs\">https:\/\/www.youtube.com\/watch?v=aRyyXJIvcxs<\/a><\/li><li><strong>INFORMAR <\/strong>que a realiza\u00e7\u00e3o do question\u00e1rio ser\u00e1 realizada no dia 01\/09\/2020 \u00e0s 9h pelo Google Sala de Aula. Em breve cada um receber\u00e1 o convite para acessar a sala, fiquem atentos ao e-mail do Gmail para aceitarem este convite.<\/li><\/ol>\n\n\n\n<div class=\"wp-block-button\"><a class=\"wp-block-button__link has-background\" href=\"http:\/\/mandragora.univasf.edu.br\/wp-content\/uploads\/2020\/08\/Processo-Seletivo-Mandr\u00e1gora-2020_RESULTADO-1-2.pdf\" style=\"background-color:#082c1f\">Inscri\u00e7\u00f5es Deferidas &#8211; Processo Seletivo<\/a><\/div>\n","protected":false},"excerpt":{"rendered":"<p>A Presid\u00eancia da Liga Acad\u00eamica em Anestesiologia Veterin\u00e1ria, Dor e Terapia Intensiva (MANDR\u00c1GORA) da Universidade Federal do Vale do S\u00e3o Francisco &#8211; UNIVASF, em conformidade com seu Estatuto aprovado pela Pr\u00f3-Reitoria de Extens\u00e3o em 03 de abril de 2019, no uso das atribui\u00e7\u00f5es legais estabelecidas pelo Edital 01\/2020 resolve: TORNA P\u00daBLICO o resultado dos pedidos&hellip; <a class=\"more-link\" href=\"https:\/\/mandragora.univasf.edu.br\/index.php\/2020\/08\/31\/inscricoes-deferidas\/\">Continuar lendo <span class=\"screen-reader-text\">INSCRI\u00c7\u00d5ES DEFERIDAS: PROCESSO SELETIVO PARA MEMBROS EFETIVOS E HONOR\u00c1RIOS<\/span><\/a><\/p>\n","protected":false},"author":1,"featured_media":4428,"comment_status":"open","ping_status":"open","sticky":false,"template":"","format":"standard","meta":{"footnotes":""},"categories":[48],"tags":[],"_links":{"self":[{"href":"https:\/\/mandragora.univasf.edu.br\/index.php\/wp-json\/wp\/v2\/posts\/4433"}],"collection":[{"href":"https:\/\/mandragora.univasf.edu.br\/index.php\/wp-json\/wp\/v2\/posts"}],"about":[{"href":"https:\/\/mandragora.univasf.edu.br\/index.php\/wp-json\/wp\/v2\/types\/post"}],"author":[{"embeddable":true,"href":"https:\/\/mandragora.univasf.edu.br\/index.php\/wp-json\/wp\/v2\/users\/1"}],"replies":[{"embeddable":true,"href":"https:\/\/mandragora.univasf.edu.br\/index.php\/wp-json\/wp\/v2\/comments?post=4433"}],"version-history":[{"count":7,"href":"https:\/\/mandragora.univasf.edu.br\/index.php\/wp-json\/wp\/v2\/posts\/4433\/revisions"}],"predecessor-version":[{"id":4450,"href":"https:\/\/mandragora.univasf.edu.br\/index.php\/wp-json\/wp\/v2\/posts\/4433\/revisions\/4450"}],"wp:featuredmedia":[{"embeddable":true,"href":"https:\/\/mandragora.univasf.edu.br\/index.php\/wp-json\/wp\/v2\/media\/4428"}],"wp:attachment":[{"href":"https:\/\/mandragora.univasf.edu.br\/index.php\/wp-json\/wp\/v2\/media?parent=4433"}],"wp:term":[{"taxonomy":"category","embeddable":true,"href":"https:\/\/mandragora.univasf.edu.br\/index.php\/wp-json\/wp\/v2\/categories?post=4433"},{"taxonomy":"post_tag","embeddable":true,"href":"https:\/\/mandragora.univasf.edu.br\/index.php\/wp-json\/wp\/v2\/tags?post=4433"}],"curies":[{"name":"wp","href":"https:\/\/api.w.org\/{rel}","templated":true}]}}